{"id":270,"date":"2015-07-14T09:46:53","date_gmt":"2015-07-14T09:46:53","guid":{"rendered":"http:\/\/dachprofi-englert.de\/?p=270"},"modified":"2015-07-14T09:49:55","modified_gmt":"2015-07-14T09:49:55","slug":"walmdachsanierung-mit-unterdach","status":"publish","type":"post","link":"https:\/\/dachprofi-englert.de\/index.php\/2015\/07\/14\/walmdachsanierung-mit-unterdach\/","title":{"rendered":"Walmdachsanierung mit Unterdach"},"content":{"rendered":"<div id='gallery-1' class='gallery galleryid-270 gallery-columns-3 gallery-size-thumbnail'>\n<dl class='gallery-item'>\n<dt class='gallery-icon landscape'>\n\t\t\t\t<a href='https:\/\/dachprofi-englert.de\/wp-content\/uploads\/2015\/07\/c36f2f60b3f07000f7026ecdeecd7f15.jpg'><img width=\"150\" height=\"150\" src=\"https:\/\/dachprofi-englert.de\/wp-content\/uploads\/2015\/07\/c36f2f60b3f07000f7026ecdeecd7f15-150x150.jpg\" class=\"attachment-thumbnail size-thumbnail\" alt=\"Vorher\" decoding=\"async\" loading=\"lazy\" aria-describedby=\"gallery-1-273\" srcset=\"https:\/\/dachprofi-englert.de\/wp-content\/uploads\/2015\/07\/c36f2f60b3f07000f7026ecdeecd7f15-150x150.jpg 150w, https:\/\/dachprofi-englert.de\/wp-content\/uploads\/2015\/07\/c36f2f60b3f07000f7026ecdeecd7f15-270x270.jpg 270w, https:\/\/dachprofi-englert.de\/wp-content\/uploads\/2015\/07\/c36f2f60b3f07000f7026ecdeecd7f15-230x230.jpg 230w, https:\/\/dachprofi-englert.de\/wp-content\/uploads\/2015\/07\/c36f2f60b3f07000f7026ecdeecd7f15-45x45.jpg 45w\" sizes=\"(max-width: 150px) 100vw, 150px\" \/><\/a>\n\t\t\t<\/dt>\n<dd class='wp-caption-text gallery-caption' id='gallery-1-273'>\n\t\t\t\tVorher\n\t\t\t\t<\/dd>\n<\/dl>\n<dl class='gallery-item'>\n<dt class='gallery-icon landscape'>\n\t\t\t\t<a href='https:\/\/dachprofi-englert.de\/wp-content\/uploads\/2015\/07\/addfc2448059a73f7132dbc32d855ac9.jpg'><img width=\"150\" height=\"150\" src=\"https:\/\/dachprofi-englert.de\/wp-content\/uploads\/2015\/07\/addfc2448059a73f7132dbc32d855ac9-150x150.jpg\" class=\"attachment-thumbnail size-thumbnail\" alt=\"Walm-Dachsanierung\" decoding=\"async\" loading=\"lazy\" aria-describedby=\"gallery-1-272\" srcset=\"https:\/\/dachprofi-englert.de\/wp-content\/uploads\/2015\/07\/addfc2448059a73f7132dbc32d855ac9-150x150.jpg 150w, https:\/\/dachprofi-englert.de\/wp-content\/uploads\/2015\/07\/addfc2448059a73f7132dbc32d855ac9-270x270.jpg 270w, https:\/\/dachprofi-englert.de\/wp-content\/uploads\/2015\/07\/addfc2448059a73f7132dbc32d855ac9-230x230.jpg 230w, https:\/\/dachprofi-englert.de\/wp-content\/uploads\/2015\/07\/addfc2448059a73f7132dbc32d855ac9-45x45.jpg 45w\" sizes=\"(max-width: 150px) 100vw, 150px\" \/><\/a>\n\t\t\t<\/dt>\n<dd class='wp-caption-text gallery-caption' id='gallery-1-272'>\n\t\t\t\tWalm-Dachsanierung\n\t\t\t\t<\/dd>\n<\/dl>\n<dl class='gallery-item'>\n<dt class='gallery-icon landscape'>\n\t\t\t\t<a href='https:\/\/dachprofi-englert.de\/wp-content\/uploads\/2015\/07\/90114cfed9d51d7f8ec523f15773cb14.jpg'><img width=\"150\" height=\"150\" src=\"https:\/\/dachprofi-englert.de\/wp-content\/uploads\/2015\/07\/90114cfed9d51d7f8ec523f15773cb14-150x150.jpg\" class=\"attachment-thumbnail size-thumbnail\" alt=\"Walm-Dachsanierung\" decoding=\"async\" loading=\"lazy\" aria-describedby=\"gallery-1-271\" srcset=\"https:\/\/dachprofi-englert.de\/wp-content\/uploads\/2015\/07\/90114cfed9d51d7f8ec523f15773cb14-150x150.jpg 150w, https:\/\/dachprofi-englert.de\/wp-content\/uploads\/2015\/07\/90114cfed9d51d7f8ec523f15773cb14-270x270.jpg 270w, https:\/\/dachprofi-englert.de\/wp-content\/uploads\/2015\/07\/90114cfed9d51d7f8ec523f15773cb14-230x230.jpg 230w, https:\/\/dachprofi-englert.de\/wp-content\/uploads\/2015\/07\/90114cfed9d51d7f8ec523f15773cb14-45x45.jpg 45w\" sizes=\"(max-width: 150px) 100vw, 150px\" \/><\/a>\n\t\t\t<\/dt>\n<dd class='wp-caption-text gallery-caption' id='gallery-1-271'>\n\t\t\t\tWalm-Dachsanierung\n\t\t\t\t<\/dd>\n<\/dl>\n<p><br style=\"clear: both\" \/>\n\t\t<\/div>\n<p>F\u00fcr unsere Kundschaft aus Walld\u00fcrn f\u00fchrten wir eine komplette Dachsanierung einschlie\u00dflich Terminkoordination durch. Weiter zur Ausf\u00fchrung kamen: Unterdach und Schneefangsystem Braas, Kaminkopfverkleidung, SAT-Anlagenbau i. V. Betonabbrucharbeiten i. V..<\/p>\n<p>Bei weiteren Fragen stehen wir Ihnen gerne zur Verf\u00fcgung.<br \/>\nIhr Team von Holzbau Englert<\/p>\n","protected":false},"excerpt":{"rendered":"<p>F\u00fcr unsere Kundschaft aus Walld\u00fcrn f\u00fchrten wir eine komplette Dachsanierung einschlie\u00dflich Terminkoordination durch. Weiter zur Ausf\u00fchrung kamen: Unterdach und Schneefangsystem Braas, Kaminkopfverkleidung, SAT-Anlagenbau i. V. Betonabbrucharbeiten i. V.. Bei weiteren Fragen stehen wir Ihnen gerne zur Verf\u00fcgung. Ihr Team von Holzbau Englert<\/p>\n","protected":false},"author":2,"featured_media":272,"comment_status":"closed","ping_status":"closed","sticky":false,"template":"","format":"standard","meta":{"neve_meta_sidebar":"","neve_meta_container":"","neve_meta_enable_content_width":"","neve_meta_content_width":0,"neve_meta_title_alignment":"","neve_meta_author_avatar":"","neve_post_elements_order":"","neve_meta_disable_header":"","neve_meta_disable_footer":"","neve_meta_disable_title":""},"categories":[27],"tags":[33,28,34,32,29,31,30],"_links":{"self":[{"href":"https:\/\/dachprofi-englert.de\/index.php\/wp-json\/wp\/v2\/posts\/270"}],"collection":[{"href":"https:\/\/dachprofi-englert.de\/index.php\/wp-json\/wp\/v2\/posts"}],"about":[{"href":"https:\/\/dachprofi-englert.de\/index.php\/wp-json\/wp\/v2\/types\/post"}],"author":[{"embeddable":true,"href":"https:\/\/dachprofi-englert.de\/index.php\/wp-json\/wp\/v2\/users\/2"}],"replies":[{"embeddable":true,"href":"https:\/\/dachprofi-englert.de\/index.php\/wp-json\/wp\/v2\/comments?post=270"}],"version-history":[{"count":3,"href":"https:\/\/dachprofi-englert.de\/index.php\/wp-json\/wp\/v2\/posts\/270\/revisions"}],"predecessor-version":[{"id":276,"href":"https:\/\/dachprofi-englert.de\/index.php\/wp-json\/wp\/v2\/posts\/270\/revisions\/276"}],"wp:featuredmedia":[{"embeddable":true,"href":"https:\/\/dachprofi-englert.de\/index.php\/wp-json\/wp\/v2\/media\/272"}],"wp:attachment":[{"href":"https:\/\/dachprofi-englert.de\/index.php\/wp-json\/wp\/v2\/media?parent=270"}],"wp:term":[{"taxonomy":"category","embeddable":true,"href":"https:\/\/dachprofi-englert.de\/index.php\/wp-json\/wp\/v2\/categories?post=270"},{"taxonomy":"post_tag","embeddable":true,"href":"https:\/\/dachprofi-englert.de\/index.php\/wp-json\/wp\/v2\/tags?post=270"}],"curies":[{"name":"wp","href":"https:\/\/api.w.org\/{rel}","templated":true}]}}