{"id":293,"date":"2015-07-13T08:14:22","date_gmt":"2015-07-13T08:14:22","guid":{"rendered":"http:\/\/dachprofi-englert.de\/?p=293"},"modified":"2015-07-31T08:15:04","modified_gmt":"2015-07-31T08:15:04","slug":"holzterrasse-und-sichtschutz-mit-pendeltuere","status":"publish","type":"post","link":"https:\/\/dachprofi-englert.de\/index.php\/2015\/07\/13\/holzterrasse-und-sichtschutz-mit-pendeltuere\/","title":{"rendered":"Holzterrasse und Sichtschutz mit Pendelt\u00fcre"},"content":{"rendered":"<div id='gallery-1' class='gallery galleryid-293 gallery-columns-3 gallery-size-thumbnail'>\n<dl class='gallery-item'>\n<dt class='gallery-icon landscape'>\n\t\t\t\t<a href='https:\/\/dachprofi-englert.de\/index.php\/2015\/07\/13\/holzterrasse-und-sichtschutz-mit-pendeltuere\/7bf22cf3344e0ced78922dbe33fe9fc9\/'><img width=\"150\" height=\"150\" src=\"https:\/\/dachprofi-englert.de\/wp-content\/uploads\/2015\/07\/7bf22cf3344e0ced78922dbe33fe9fc9-150x150.jpg\" class=\"attachment-thumbnail size-thumbnail\" alt=\"Pendelt\u00fcre Holzterrasse\" decoding=\"async\" loading=\"lazy\" aria-describedby=\"gallery-1-294\" srcset=\"https:\/\/dachprofi-englert.de\/wp-content\/uploads\/2015\/07\/7bf22cf3344e0ced78922dbe33fe9fc9-150x150.jpg 150w, https:\/\/dachprofi-englert.de\/wp-content\/uploads\/2015\/07\/7bf22cf3344e0ced78922dbe33fe9fc9-230x230.jpg 230w, https:\/\/dachprofi-englert.de\/wp-content\/uploads\/2015\/07\/7bf22cf3344e0ced78922dbe33fe9fc9-45x45.jpg 45w\" sizes=\"(max-width: 150px) 100vw, 150px\" \/><\/a>\n\t\t\t<\/dt>\n<dd class='wp-caption-text gallery-caption' id='gallery-1-294'>\n\t\t\t\tPendelt\u00fcre Holzterrasse\n\t\t\t\t<\/dd>\n<\/dl>\n<dl class='gallery-item'>\n<dt class='gallery-icon landscape'>\n\t\t\t\t<a href='https:\/\/dachprofi-englert.de\/index.php\/2015\/07\/13\/holzterrasse-und-sichtschutz-mit-pendeltuere\/fc8f4227463226058af336447ac5f849\/'><img width=\"150\" height=\"150\" src=\"https:\/\/dachprofi-englert.de\/wp-content\/uploads\/2015\/07\/fc8f4227463226058af336447ac5f849-150x150.jpg\" class=\"attachment-thumbnail size-thumbnail\" alt=\"Holzterrasse\" decoding=\"async\" loading=\"lazy\" aria-describedby=\"gallery-1-296\" srcset=\"https:\/\/dachprofi-englert.de\/wp-content\/uploads\/2015\/07\/fc8f4227463226058af336447ac5f849-150x150.jpg 150w, https:\/\/dachprofi-englert.de\/wp-content\/uploads\/2015\/07\/fc8f4227463226058af336447ac5f849-270x270.jpg 270w, https:\/\/dachprofi-englert.de\/wp-content\/uploads\/2015\/07\/fc8f4227463226058af336447ac5f849-230x230.jpg 230w, https:\/\/dachprofi-englert.de\/wp-content\/uploads\/2015\/07\/fc8f4227463226058af336447ac5f849-45x45.jpg 45w\" sizes=\"(max-width: 150px) 100vw, 150px\" \/><\/a>\n\t\t\t<\/dt>\n<dd class='wp-caption-text gallery-caption' id='gallery-1-296'>\n\t\t\t\tHolzterrasse\n\t\t\t\t<\/dd>\n<\/dl>\n<dl class='gallery-item'>\n<dt class='gallery-icon landscape'>\n\t\t\t\t<a href='https:\/\/dachprofi-englert.de\/index.php\/2015\/07\/13\/holzterrasse-und-sichtschutz-mit-pendeltuere\/9a88cba4816549a0c07e9a7ab8cc783a\/'><img width=\"150\" height=\"150\" src=\"https:\/\/dachprofi-englert.de\/wp-content\/uploads\/2015\/07\/9a88cba4816549a0c07e9a7ab8cc783a-150x150.jpg\" class=\"attachment-thumbnail size-thumbnail\" alt=\"Holzterrasse\" decoding=\"async\" loading=\"lazy\" aria-describedby=\"gallery-1-295\" srcset=\"https:\/\/dachprofi-englert.de\/wp-content\/uploads\/2015\/07\/9a88cba4816549a0c07e9a7ab8cc783a-150x150.jpg 150w, https:\/\/dachprofi-englert.de\/wp-content\/uploads\/2015\/07\/9a88cba4816549a0c07e9a7ab8cc783a-270x270.jpg 270w, https:\/\/dachprofi-englert.de\/wp-content\/uploads\/2015\/07\/9a88cba4816549a0c07e9a7ab8cc783a-230x230.jpg 230w, https:\/\/dachprofi-englert.de\/wp-content\/uploads\/2015\/07\/9a88cba4816549a0c07e9a7ab8cc783a-45x45.jpg 45w\" sizes=\"(max-width: 150px) 100vw, 150px\" \/><\/a>\n\t\t\t<\/dt>\n<dd class='wp-caption-text gallery-caption' id='gallery-1-295'>\n\t\t\t\tHolzterrasse\n\t\t\t\t<\/dd>\n<\/dl>\n<p><br style=\"clear: both\" \/>\n\t\t<\/div>\n<p>Eine gem\u00fctliche Holzterrasse mit Sichtschutz sowie ein Durchgang als Pendelt\u00fcre entstand bei unseren Kunden in Walld\u00fcrn.<\/p>\n<p>Bei weiteren Fragen stehen wir Ihnen gerne zur Verf\u00fcgung.<br \/>\nIhr Team von Holzbau Englert!<\/p>\n","protected":false},"excerpt":{"rendered":"<p>Eine gem\u00fctliche Holzterrasse mit Sichtschutz sowie ein Durchgang als Pendelt\u00fcre entstand bei unseren Kunden in Walld\u00fcrn. Bei weiteren Fragen stehen wir Ihnen gerne zur Verf\u00fcgung. Ihr Team von Holzbau Englert!<\/p>\n","protected":false},"author":2,"featured_media":294,"comment_status":"closed","ping_status":"closed","sticky":false,"template":"","format":"standard","meta":{"neve_meta_sidebar":"","neve_meta_container":"","neve_meta_enable_content_width":"","neve_meta_content_width":0,"neve_meta_title_alignment":"","neve_meta_author_avatar":"","neve_post_elements_order":"","neve_meta_disable_header":"","neve_meta_disable_footer":"","neve_meta_disable_title":""},"categories":[35,45],"tags":[50,48,46,47,51,49],"_links":{"self":[{"href":"https:\/\/dachprofi-englert.de\/index.php\/wp-json\/wp\/v2\/posts\/293"}],"collection":[{"href":"https:\/\/dachprofi-englert.de\/index.php\/wp-json\/wp\/v2\/posts"}],"about":[{"href":"https:\/\/dachprofi-englert.de\/index.php\/wp-json\/wp\/v2\/types\/post"}],"author":[{"embeddable":true,"href":"https:\/\/dachprofi-englert.de\/index.php\/wp-json\/wp\/v2\/users\/2"}],"replies":[{"embeddable":true,"href":"https:\/\/dachprofi-englert.de\/index.php\/wp-json\/wp\/v2\/comments?post=293"}],"version-history":[{"count":3,"href":"https:\/\/dachprofi-englert.de\/index.php\/wp-json\/wp\/v2\/posts\/293\/revisions"}],"predecessor-version":[{"id":299,"href":"https:\/\/dachprofi-englert.de\/index.php\/wp-json\/wp\/v2\/posts\/293\/revisions\/299"}],"wp:featuredmedia":[{"embeddable":true,"href":"https:\/\/dachprofi-englert.de\/index.php\/wp-json\/wp\/v2\/media\/294"}],"wp:attachment":[{"href":"https:\/\/dachprofi-englert.de\/index.php\/wp-json\/wp\/v2\/media?parent=293"}],"wp:term":[{"taxonomy":"category","embeddable":true,"href":"https:\/\/dachprofi-englert.de\/index.php\/wp-json\/wp\/v2\/categories?post=293"},{"taxonomy":"post_tag","embeddable":true,"href":"https:\/\/dachprofi-englert.de\/index.php\/wp-json\/wp\/v2\/tags?post=293"}],"curies":[{"name":"wp","href":"https:\/\/api.w.org\/{rel}","templated":true}]}}